{"id":161,"date":"2023-04-04T22:29:55","date_gmt":"2023-04-04T22:29:55","guid":{"rendered":"https:\/\/triceras.com.br\/blogpropedido\/?p=161"},"modified":"2023-04-04T22:30:19","modified_gmt":"2023-04-04T22:30:19","slug":"personalizacao-a-tecnologia-deve-se-adaptar-a-pessoa-nao-o-contrario","status":"publish","type":"post","link":"https:\/\/triceras.com.br\/blogpropedido\/index.php\/2023\/04\/04\/personalizacao-a-tecnologia-deve-se-adaptar-a-pessoa-nao-o-contrario\/","title":{"rendered":"Personaliza\u00e7\u00e3o &#8211; a tecnologia deve se adaptar \u00e0 pessoa, n\u00e3o o contr\u00e1rio."},"content":{"rendered":"\n<p>Um dos pilares do CiRM, da Gest\u00e3o do Relacionamento com o Cidad\u00e3o, \u00e9 a personaliza\u00e7\u00e3o das intera\u00e7\u00f5es. Sempre que buscamos agrupar pessoas em hip\u00f3teses, estamos sujeitos a erros. Por exemplo, admitir que todo cidad\u00e3o acima de 90 anos n\u00e3o sabe instalar um app, ou que um jovem n\u00e3o gosta de determinada rede social pode at\u00e9 contemplar grande parte do agrupamento, mas \u00e9 certo que teremos exce\u00e7\u00f5es.<\/p>\n\n\n\n<h2 class=\"has-text-align-center\">Ah, ent\u00e3o teremos que configurar o atendimento por pessoa, por cidad\u00e3o? A resposta \u00e9 sim! Ou isto seria o ideal, por\u00e9m, operacionalmente bastante dif\u00edcil e custoso, criando filas imensas e gerando insatisfa\u00e7\u00e3o.<\/h2>\n\n\n\n<p>Como resolver ent\u00e3o? Ter paci\u00eancia e evoluir dia a dia. A cada intera\u00e7\u00e3o tentar buscar um pouco mais de informa\u00e7\u00f5es do cidad\u00e3o, disponibilizando op\u00e7\u00f5es de canais, observando a narrativa que ele traz, a quantidade de intera\u00e7\u00f5es (e de cobran\u00e7as) que a pessoa faz \u00e0 prefeitura, suas prefer\u00eancias, tempos conectados nos portais e outros dados que &#8211; a partir da aprova\u00e7\u00e3o da pessoa &#8211; possam criar novas hip\u00f3teses para grupos cada vez menores a partir de correla\u00e7\u00f5es dos hist\u00f3ricos e &#8211; no limite &#8211; chegar \u00e0 individualidade. A intelig\u00eancia artificial pode auxiliar a\u00ed, desde que respons\u00e1vel dentro dos ODS, objetivos de desenvolvimento sustent\u00e1vel. Melhor ainda quando novas bases de dados tamb\u00e9m alimentam as correla\u00e7\u00f5es estat\u00edsticas para busca da personaliza\u00e7\u00e3o, como os dados do censo ou quaisquer outros dados abertos.<\/p>\n\n\n\n<p>Um caso interessante aconteceu em uma cidade de pequeno porte onde estamos negociando o ProPedido, que nos disse: \u201cningu\u00e9m aqui vai instalar um app, n\u00e3o h\u00e1 esta cultura. Aqui n\u00e3o temos Uber, n\u00e3o temos iFood. S\u00f3 temos whatsapp\u2026\u201d<\/p>\n\n\n\n<p>Ent\u00e3o, hoje temos nossa intelig\u00eancia artificial integrada com o whatsapp e, sucesso! Adaptamos a tecnologia \u00e0 popula\u00e7\u00e3o\u2026 mas, se algu\u00e9m ainda quer o app \u00e9 s\u00f3 baixar na loja,&nbsp; pois conversar com bots \u00e9 bastante mais moroso &#8211; ou esta \u00e9 a minha opini\u00e3o pessoal. \u00c9 a sua?<\/p>\n\n\n\n<p>Nossa cidade, mais que inteligente, tem que ser responsiva. A tecnologia deve ser focada no cidad\u00e3o, e n\u00e3o o contr\u00e1rio.<\/p>\n","protected":false},"excerpt":{"rendered":"<p>Um dos pilares do CiRM, da Gest\u00e3o do Relacionamento com o Cidad\u00e3o, \u00e9 a personaliza\u00e7\u00e3o das intera\u00e7\u00f5es. Sempre que buscamos agrupar pessoas em hip\u00f3teses, estamos sujeitos a erros. Por exemplo, admitir que todo cidad\u00e3o acima de 90 anos n\u00e3o sabe instalar um app, ou que um jovem n\u00e3o gosta de determinada rede social pode at\u00e9 &hellip; <\/p>\n","protected":false},"author":1,"featured_media":95,"comment_status":"open","ping_status":"open","sticky":false,"template":"","format":"standard","meta":{"_mi_skip_tracking":false},"categories":[6],"tags":[],"yoast_head":"<!-- This site is optimized with the Yoast SEO plugin v20.3 - https:\/\/yoast.com\/wordpress\/plugins\/seo\/ -->\n<title>Personaliza\u00e7\u00e3o - a tecnologia deve se adaptar \u00e0 pessoa, n\u00e3o o contr\u00e1rio. - CiRM - Gest\u00e3o do Relacionamento com Cidad\u00e3os<\/title>\n<meta name=\"robots\" content=\"index, follow, max-snippet:-1, max-image-preview:large, max-video-preview:-1\" \/>\n<link rel=\"canonical\" href=\"https:\/\/triceras.com.br\/blogpropedido\/index.php\/2023\/04\/04\/personalizacao-a-tecnologia-deve-se-adaptar-a-pessoa-nao-o-contrario\/\" \/>\n<meta property=\"og:locale\" content=\"pt_BR\" \/>\n<meta property=\"og:type\" content=\"article\" \/>\n<meta property=\"og:title\" content=\"Personaliza\u00e7\u00e3o - a tecnologia deve se adaptar \u00e0 pessoa, n\u00e3o o contr\u00e1rio. - CiRM - Gest\u00e3o do Relacionamento com Cidad\u00e3os\" \/>\n<meta property=\"og:description\" content=\"Um dos pilares do CiRM, da Gest\u00e3o do Relacionamento com o Cidad\u00e3o, \u00e9 a personaliza\u00e7\u00e3o das intera\u00e7\u00f5es. Sempre que buscamos agrupar pessoas em hip\u00f3teses, estamos sujeitos a erros. Por exemplo, admitir que todo cidad\u00e3o acima de 90 anos n\u00e3o sabe instalar um app, ou que um jovem n\u00e3o gosta de determinada rede social pode at\u00e9 &hellip;\" \/>\n<meta property=\"og:url\" content=\"https:\/\/triceras.com.br\/blogpropedido\/index.php\/2023\/04\/04\/personalizacao-a-tecnologia-deve-se-adaptar-a-pessoa-nao-o-contrario\/\" \/>\n<meta property=\"og:site_name\" content=\"CiRM - Gest\u00e3o do Relacionamento com Cidad\u00e3os\" \/>\n<meta property=\"article:publisher\" content=\"https:\/\/www.facebook.com\/propedido\/\" \/>\n<meta property=\"article:published_time\" content=\"2023-04-04T22:29:55+00:00\" \/>\n<meta property=\"article:modified_time\" content=\"2023-04-04T22:30:19+00:00\" \/>\n<meta property=\"og:image\" content=\"https:\/\/triceras.com.br\/blogpropedido\/wp-content\/uploads\/2023\/02\/daniel-bernard-DyEtZojgBuU-unsplash-scaled.jpg\" \/>\n\t<meta property=\"og:image:width\" content=\"2560\" \/>\n\t<meta property=\"og:image:height\" content=\"1710\" \/>\n\t<meta property=\"og:image:type\" content=\"image\/jpeg\" \/>\n<meta name=\"author\" content=\"andreluiz75\" \/>\n<meta name=\"twitter:card\" content=\"summary_large_image\" \/>\n<meta name=\"twitter:label1\" content=\"Escrito por\" \/>\n\t<meta name=\"twitter:data1\" content=\"andreluiz75\" \/>\n\t<meta name=\"twitter:label2\" content=\"Est. tempo de leitura\" \/>\n\t<meta name=\"twitter:data2\" content=\"3 minutos\" \/>\n<script type=\"application\/ld+json\" class=\"yoast-schema-graph\">{\"@context\":\"https:\/\/schema.org\",\"@graph\":[{\"@type\":\"Article\",\"@id\":\"https:\/\/triceras.com.br\/blogpropedido\/index.php\/2023\/04\/04\/personalizacao-a-tecnologia-deve-se-adaptar-a-pessoa-nao-o-contrario\/#article\",\"isPartOf\":{\"@id\":\"https:\/\/triceras.com.br\/blogpropedido\/index.php\/2023\/04\/04\/personalizacao-a-tecnologia-deve-se-adaptar-a-pessoa-nao-o-contrario\/\"},\"author\":{\"name\":\"andreluiz75\",\"@id\":\"https:\/\/triceras.com.br\/blogpropedido\/#\/schema\/person\/9d31af9b6ea9cb0abb800ca4a1c73cd3\"},\"headline\":\"Personaliza\u00e7\u00e3o &#8211; a tecnologia deve se adaptar \u00e0 pessoa, n\u00e3o o contr\u00e1rio.\",\"datePublished\":\"2023-04-04T22:29:55+00:00\",\"dateModified\":\"2023-04-04T22:30:19+00:00\",\"mainEntityOfPage\":{\"@id\":\"https:\/\/triceras.com.br\/blogpropedido\/index.php\/2023\/04\/04\/personalizacao-a-tecnologia-deve-se-adaptar-a-pessoa-nao-o-contrario\/\"},\"wordCount\":382,\"commentCount\":0,\"publisher\":{\"@id\":\"https:\/\/triceras.com.br\/blogpropedido\/#organization\"},\"articleSection\":[\"CiRM\"],\"inLanguage\":\"pt-BR\",\"potentialAction\":[{\"@type\":\"CommentAction\",\"name\":\"Comment\",\"target\":[\"https:\/\/triceras.com.br\/blogpropedido\/index.php\/2023\/04\/04\/personalizacao-a-tecnologia-deve-se-adaptar-a-pessoa-nao-o-contrario\/#respond\"]}]},{\"@type\":\"WebPage\",\"@id\":\"https:\/\/triceras.com.br\/blogpropedido\/index.php\/2023\/04\/04\/personalizacao-a-tecnologia-deve-se-adaptar-a-pessoa-nao-o-contrario\/\",\"url\":\"https:\/\/triceras.com.br\/blogpropedido\/index.php\/2023\/04\/04\/personalizacao-a-tecnologia-deve-se-adaptar-a-pessoa-nao-o-contrario\/\",\"name\":\"Personaliza\u00e7\u00e3o - a tecnologia deve se adaptar \u00e0 pessoa, n\u00e3o o contr\u00e1rio. - CiRM - Gest\u00e3o do Relacionamento com Cidad\u00e3os\",\"isPartOf\":{\"@id\":\"https:\/\/triceras.com.br\/blogpropedido\/#website\"},\"datePublished\":\"2023-04-04T22:29:55+00:00\",\"dateModified\":\"2023-04-04T22:30:19+00:00\",\"breadcrumb\":{\"@id\":\"https:\/\/triceras.com.br\/blogpropedido\/index.php\/2023\/04\/04\/personalizacao-a-tecnologia-deve-se-adaptar-a-pessoa-nao-o-contrario\/#breadcrumb\"},\"inLanguage\":\"pt-BR\",\"potentialAction\":[{\"@type\":\"ReadAction\",\"target\":[\"https:\/\/triceras.com.br\/blogpropedido\/index.php\/2023\/04\/04\/personalizacao-a-tecnologia-deve-se-adaptar-a-pessoa-nao-o-contrario\/\"]}]},{\"@type\":\"BreadcrumbList\",\"@id\":\"https:\/\/triceras.com.br\/blogpropedido\/index.php\/2023\/04\/04\/personalizacao-a-tecnologia-deve-se-adaptar-a-pessoa-nao-o-contrario\/#breadcrumb\",\"itemListElement\":[{\"@type\":\"ListItem\",\"position\":1,\"name\":\"Home\",\"item\":\"https:\/\/triceras.com.br\/blogpropedido\/\"},{\"@type\":\"ListItem\",\"position\":2,\"name\":\"Personaliza\u00e7\u00e3o &#8211; a tecnologia deve se adaptar \u00e0 pessoa, n\u00e3o o contr\u00e1rio.\"}]},{\"@type\":\"WebSite\",\"@id\":\"https:\/\/triceras.com.br\/blogpropedido\/#website\",\"url\":\"https:\/\/triceras.com.br\/blogpropedido\/\",\"name\":\"ProPedido e CiRM - Gest\u00e3o de Relacionamento com Cidad\u00e3os\",\"description\":\"Cidades Inteligentes e Responsivas\",\"publisher\":{\"@id\":\"https:\/\/triceras.com.br\/blogpropedido\/#organization\"},\"potentialAction\":[{\"@type\":\"SearchAction\",\"target\":{\"@type\":\"EntryPoint\",\"urlTemplate\":\"https:\/\/triceras.com.br\/blogpropedido\/?s={search_term_string}\"},\"query-input\":\"required name=search_term_string\"}],\"inLanguage\":\"pt-BR\"},{\"@type\":\"Organization\",\"@id\":\"https:\/\/triceras.com.br\/blogpropedido\/#organization\",\"name\":\"ProPedido \/ Tr\u00edceras\",\"url\":\"https:\/\/triceras.com.br\/blogpropedido\/\",\"logo\":{\"@type\":\"ImageObject\",\"inLanguage\":\"pt-BR\",\"@id\":\"https:\/\/triceras.com.br\/blogpropedido\/#\/schema\/logo\/image\/\",\"url\":\"https:\/\/triceras.com.br\/blogpropedido\/wp-content\/uploads\/2023\/01\/logo.png\",\"contentUrl\":\"https:\/\/triceras.com.br\/blogpropedido\/wp-content\/uploads\/2023\/01\/logo.png\",\"width\":200,\"height\":47,\"caption\":\"ProPedido \/ Tr\u00edceras\"},\"image\":{\"@id\":\"https:\/\/triceras.com.br\/blogpropedido\/#\/schema\/logo\/image\/\"},\"sameAs\":[\"https:\/\/www.facebook.com\/propedido\/\",\"https:\/\/www.linkedin.com\/company\/propedido\"]},{\"@type\":\"Person\",\"@id\":\"https:\/\/triceras.com.br\/blogpropedido\/#\/schema\/person\/9d31af9b6ea9cb0abb800ca4a1c73cd3\",\"name\":\"andreluiz75\",\"image\":{\"@type\":\"ImageObject\",\"inLanguage\":\"pt-BR\",\"@id\":\"https:\/\/triceras.com.br\/blogpropedido\/#\/schema\/person\/image\/\",\"url\":\"https:\/\/secure.gravatar.com\/avatar\/d3c5b37787a01c3ab07f241992fe3e9a?s=96&d=mm&r=g\",\"contentUrl\":\"https:\/\/secure.gravatar.com\/avatar\/d3c5b37787a01c3ab07f241992fe3e9a?s=96&d=mm&r=g\",\"caption\":\"andreluiz75\"},\"sameAs\":[\"https:\/\/triceras.com.br\/blogpropedido\"],\"url\":\"https:\/\/triceras.com.br\/blogpropedido\/index.php\/author\/andreluiz75\/\"}]}<\/script>\n<!-- \/ Yoast SEO plugin. -->","yoast_head_json":{"title":"Personaliza\u00e7\u00e3o - a tecnologia deve se adaptar \u00e0 pessoa, n\u00e3o o contr\u00e1rio. - CiRM - Gest\u00e3o do Relacionamento com Cidad\u00e3os","robots":{"index":"index","follow":"follow","max-snippet":"max-snippet:-1","max-image-preview":"max-image-preview:large","max-video-preview":"max-video-preview:-1"},"canonical":"https:\/\/triceras.com.br\/blogpropedido\/index.php\/2023\/04\/04\/personalizacao-a-tecnologia-deve-se-adaptar-a-pessoa-nao-o-contrario\/","og_locale":"pt_BR","og_type":"article","og_title":"Personaliza\u00e7\u00e3o - a tecnologia deve se adaptar \u00e0 pessoa, n\u00e3o o contr\u00e1rio. - CiRM - Gest\u00e3o do Relacionamento com Cidad\u00e3os","og_description":"Um dos pilares do CiRM, da Gest\u00e3o do Relacionamento com o Cidad\u00e3o, \u00e9 a personaliza\u00e7\u00e3o das intera\u00e7\u00f5es. Sempre que buscamos agrupar pessoas em hip\u00f3teses, estamos sujeitos a erros. Por exemplo, admitir que todo cidad\u00e3o acima de 90 anos n\u00e3o sabe instalar um app, ou que um jovem n\u00e3o gosta de determinada rede social pode at\u00e9 &hellip;","og_url":"https:\/\/triceras.com.br\/blogpropedido\/index.php\/2023\/04\/04\/personalizacao-a-tecnologia-deve-se-adaptar-a-pessoa-nao-o-contrario\/","og_site_name":"CiRM - Gest\u00e3o do Relacionamento com Cidad\u00e3os","article_publisher":"https:\/\/www.facebook.com\/propedido\/","article_published_time":"2023-04-04T22:29:55+00:00","article_modified_time":"2023-04-04T22:30:19+00:00","og_image":[{"width":2560,"height":1710,"url":"https:\/\/triceras.com.br\/blogpropedido\/wp-content\/uploads\/2023\/02\/daniel-bernard-DyEtZojgBuU-unsplash-scaled.jpg","type":"image\/jpeg"}],"author":"andreluiz75","twitter_card":"summary_large_image","twitter_misc":{"Escrito por":"andreluiz75","Est. tempo de leitura":"3 minutos"},"schema":{"@context":"https:\/\/schema.org","@graph":[{"@type":"Article","@id":"https:\/\/triceras.com.br\/blogpropedido\/index.php\/2023\/04\/04\/personalizacao-a-tecnologia-deve-se-adaptar-a-pessoa-nao-o-contrario\/#article","isPartOf":{"@id":"https:\/\/triceras.com.br\/blogpropedido\/index.php\/2023\/04\/04\/personalizacao-a-tecnologia-deve-se-adaptar-a-pessoa-nao-o-contrario\/"},"author":{"name":"andreluiz75","@id":"https:\/\/triceras.com.br\/blogpropedido\/#\/schema\/person\/9d31af9b6ea9cb0abb800ca4a1c73cd3"},"headline":"Personaliza\u00e7\u00e3o &#8211; a tecnologia deve se adaptar \u00e0 pessoa, n\u00e3o o contr\u00e1rio.","datePublished":"2023-04-04T22:29:55+00:00","dateModified":"2023-04-04T22:30:19+00:00","mainEntityOfPage":{"@id":"https:\/\/triceras.com.br\/blogpropedido\/index.php\/2023\/04\/04\/personalizacao-a-tecnologia-deve-se-adaptar-a-pessoa-nao-o-contrario\/"},"wordCount":382,"commentCount":0,"publisher":{"@id":"https:\/\/triceras.com.br\/blogpropedido\/#organization"},"articleSection":["CiRM"],"inLanguage":"pt-BR","potentialAction":[{"@type":"CommentAction","name":"Comment","target":["https:\/\/triceras.com.br\/blogpropedido\/index.php\/2023\/04\/04\/personalizacao-a-tecnologia-deve-se-adaptar-a-pessoa-nao-o-contrario\/#respond"]}]},{"@type":"WebPage","@id":"https:\/\/triceras.com.br\/blogpropedido\/index.php\/2023\/04\/04\/personalizacao-a-tecnologia-deve-se-adaptar-a-pessoa-nao-o-contrario\/","url":"https:\/\/triceras.com.br\/blogpropedido\/index.php\/2023\/04\/04\/personalizacao-a-tecnologia-deve-se-adaptar-a-pessoa-nao-o-contrario\/","name":"Personaliza\u00e7\u00e3o - a tecnologia deve se adaptar \u00e0 pessoa, n\u00e3o o contr\u00e1rio. - CiRM - Gest\u00e3o do Relacionamento com Cidad\u00e3os","isPartOf":{"@id":"https:\/\/triceras.com.br\/blogpropedido\/#website"},"datePublished":"2023-04-04T22:29:55+00:00","dateModified":"2023-04-04T22:30:19+00:00","breadcrumb":{"@id":"https:\/\/triceras.com.br\/blogpropedido\/index.php\/2023\/04\/04\/personalizacao-a-tecnologia-deve-se-adaptar-a-pessoa-nao-o-contrario\/#breadcrumb"},"inLanguage":"pt-BR","potentialAction":[{"@type":"ReadAction","target":["https:\/\/triceras.com.br\/blogpropedido\/index.php\/2023\/04\/04\/personalizacao-a-tecnologia-deve-se-adaptar-a-pessoa-nao-o-contrario\/"]}]},{"@type":"BreadcrumbList","@id":"https:\/\/triceras.com.br\/blogpropedido\/index.php\/2023\/04\/04\/personalizacao-a-tecnologia-deve-se-adaptar-a-pessoa-nao-o-contrario\/#breadcrumb","itemListElement":[{"@type":"ListItem","position":1,"name":"Home","item":"https:\/\/triceras.com.br\/blogpropedido\/"},{"@type":"ListItem","position":2,"name":"Personaliza\u00e7\u00e3o &#8211; a tecnologia deve se adaptar \u00e0 pessoa, n\u00e3o o contr\u00e1rio."}]},{"@type":"WebSite","@id":"https:\/\/triceras.com.br\/blogpropedido\/#website","url":"https:\/\/triceras.com.br\/blogpropedido\/","name":"ProPedido e CiRM - Gest\u00e3o de Relacionamento com Cidad\u00e3os","description":"Cidades Inteligentes e Responsivas","publisher":{"@id":"https:\/\/triceras.com.br\/blogpropedido\/#organization"},"potentialAction":[{"@type":"SearchAction","target":{"@type":"EntryPoint","urlTemplate":"https:\/\/triceras.com.br\/blogpropedido\/?s={search_term_string}"},"query-input":"required name=search_term_string"}],"inLanguage":"pt-BR"},{"@type":"Organization","@id":"https:\/\/triceras.com.br\/blogpropedido\/#organization","name":"ProPedido \/ Tr\u00edceras","url":"https:\/\/triceras.com.br\/blogpropedido\/","logo":{"@type":"ImageObject","inLanguage":"pt-BR","@id":"https:\/\/triceras.com.br\/blogpropedido\/#\/schema\/logo\/image\/","url":"https:\/\/triceras.com.br\/blogpropedido\/wp-content\/uploads\/2023\/01\/logo.png","contentUrl":"https:\/\/triceras.com.br\/blogpropedido\/wp-content\/uploads\/2023\/01\/logo.png","width":200,"height":47,"caption":"ProPedido \/ Tr\u00edceras"},"image":{"@id":"https:\/\/triceras.com.br\/blogpropedido\/#\/schema\/logo\/image\/"},"sameAs":["https:\/\/www.facebook.com\/propedido\/","https:\/\/www.linkedin.com\/company\/propedido"]},{"@type":"Person","@id":"https:\/\/triceras.com.br\/blogpropedido\/#\/schema\/person\/9d31af9b6ea9cb0abb800ca4a1c73cd3","name":"andreluiz75","image":{"@type":"ImageObject","inLanguage":"pt-BR","@id":"https:\/\/triceras.com.br\/blogpropedido\/#\/schema\/person\/image\/","url":"https:\/\/secure.gravatar.com\/avatar\/d3c5b37787a01c3ab07f241992fe3e9a?s=96&d=mm&r=g","contentUrl":"https:\/\/secure.gravatar.com\/avatar\/d3c5b37787a01c3ab07f241992fe3e9a?s=96&d=mm&r=g","caption":"andreluiz75"},"sameAs":["https:\/\/triceras.com.br\/blogpropedido"],"url":"https:\/\/triceras.com.br\/blogpropedido\/index.php\/author\/andreluiz75\/"}]}},"_links":{"self":[{"href":"https:\/\/triceras.com.br\/blogpropedido\/index.php\/wp-json\/wp\/v2\/posts\/161"}],"collection":[{"href":"https:\/\/triceras.com.br\/blogpropedido\/index.php\/wp-json\/wp\/v2\/posts"}],"about":[{"href":"https:\/\/triceras.com.br\/blogpropedido\/index.php\/wp-json\/wp\/v2\/types\/post"}],"author":[{"embeddable":true,"href":"https:\/\/triceras.com.br\/blogpropedido\/index.php\/wp-json\/wp\/v2\/users\/1"}],"replies":[{"embeddable":true,"href":"https:\/\/triceras.com.br\/blogpropedido\/index.php\/wp-json\/wp\/v2\/comments?post=161"}],"version-history":[{"count":3,"href":"https:\/\/triceras.com.br\/blogpropedido\/index.php\/wp-json\/wp\/v2\/posts\/161\/revisions"}],"predecessor-version":[{"id":164,"href":"https:\/\/triceras.com.br\/blogpropedido\/index.php\/wp-json\/wp\/v2\/posts\/161\/revisions\/164"}],"wp:featuredmedia":[{"embeddable":true,"href":"https:\/\/triceras.com.br\/blogpropedido\/index.php\/wp-json\/wp\/v2\/media\/95"}],"wp:attachment":[{"href":"https:\/\/triceras.com.br\/blogpropedido\/index.php\/wp-json\/wp\/v2\/media?parent=161"}],"wp:term":[{"taxonomy":"category","embeddable":true,"href":"https:\/\/triceras.com.br\/blogpropedido\/index.php\/wp-json\/wp\/v2\/categories?post=161"},{"taxonomy":"post_tag","embeddable":true,"href":"https:\/\/triceras.com.br\/blogpropedido\/index.php\/wp-json\/wp\/v2\/tags?post=161"}],"curies":[{"name":"wp","href":"https:\/\/api.w.org\/{rel}","templated":true}]}}